{"id":2755,"date":"2026-03-15T19:42:51","date_gmt":"2026-03-15T17:42:51","guid":{"rendered":"https:\/\/www.vhs-tarifvertrag.de\/wordpress\/?p=2755"},"modified":"2026-03-15T22:07:40","modified_gmt":"2026-03-15T20:07:40","slug":"demo-am-14-3-2026-deutschkurse-sichern-nicht-streichen","status":"publish","type":"post","link":"https:\/\/www.vhs-tarifvertrag.de\/wordpress\/?p=2755","title":{"rendered":"Demo am 14.3.2026: Deutschkurse sichern, nicht streichen"},"content":{"rendered":"<p>ngg_shortcode_0_placeholderUnter dem Motto <em>Deutschkurse sichern, nicht streichen<\/em> fand am Samstag unsere Demonstration f\u00fcr den Erhalt der Integrationskurse vor dem Innenministerium statt. Wir haben damit gegen die von Innenminister Dobrindt beschlossene Streichung der F\u00f6rderung von freiwillig Teilnehmenden an Integrationskursen protestiert. Nach unseren Sch\u00e4tzungen kamen etwa 650 Demonstrierende. Auf der Demonstration sprachen u. a. Lisa Paus (B\u00fcndnis 90\/Die Gr\u00fcnen), Orkan \u00d6zdemir (SPD), Ferat Kocak (Die Linke) und Integrationskurs-Teilnehmende, um die Wichtigkeit der Kurse f\u00fcr ihre Teilhabe an der Gesellschaft deutlich zu machen. Mit Spr\u00fcchen wie <em>Sprache verbindet, K\u00fcrzungen trennen<\/em>; <em>Sprachlos, Arbeitslos, Zukunftslos; Herr Dobrindt, Sie machen mich arbeitslos <\/em>oder<em> Pflegt euch doch selbst! <\/em>&nbsp;zogen wir&nbsp;in bester Stimmung&nbsp;vom Innenministerium zum Brandenburger Tor und bekamen \u00fcbrigens auch viel Zuspruch von Passant:innen. Wir werden auch zuk\u00fcnftig dranbleiben, denn die von Innenminister Dobrindt und vom Bundestag best\u00e4tigte neu geschaffene Situation ist verheerend f\u00fcr alle Menschen, die nach Deutschland kommen, um hier zu arbeiten oder Schutz zu suchen. Die Demonstration wurde von ver.di unterst\u00fctzt, die auch f\u00fcr eine Verbesserung der nach wie vor prek\u00e4ren Arbeitsverh\u00e4ltnisse von uns, den VHS-Dozent:innen eintritt.&nbsp;<\/p>\n<p>Aus der Presse: taz-Artikel:&nbsp;<a href=\"https:\/\/taz.de\/Streichung-von-Integrationskursen\/!6162077\/\" target=\"_blank\" rel=\"noopener noreferrer\">https:\/\/taz.de\/<wbr>Streichung-von-<wbr>Integrationskursen\/!6162077\/<\/a><\/p>\n<p>rbb-Interview: <a href=\"https:\/\/www.rbb24.de\/politik\/beitrag\/2026\/03\/berlin-integrationskurse-kuerzungen-integration-migration-deutschkurs-demonstration.html\" target=\"_blank\" rel=\"noopener noreferrer\">https:\/\/www.rbb24.de\/politik\/<wbr>beitrag\/2026\/03\/berlin-<wbr>integrationskurse-kuerzungen-<wbr>integration-migration-<wbr>deutschkurs-demonstration.html<\/a><\/p>\n<div>youtube: <a href=\"https:\/\/www.youtube.com\/watch?v=ITb25qyW1f8\" target=\"_blank\" rel=\"noopener noreferrer\">https:\/\/www.youtube.com\/watch?<wbr>v=ITb25qyW1f8<\/a><\/div>\n","protected":false},"excerpt":{"rendered":"<p>Unter dem Motto Deutschkurse sichern, nicht streichen fand am Samstag unsere Demonstration f\u00fcr den Erhalt der Integrationskurse vor dem Innenministerium statt. Wir haben damit gegen die von Innenminister Dobrindt beschlossene Streichung der F\u00f6rderung von freiwillig Teilnehmenden an Integrationskursen protestiert. Nach unseren Sch\u00e4tzungen kamen etwa 650 Demonstrierende. Auf der Demonstration sprachen u. a. Lisa Paus (B\u00fcndnis\u2026 <span class=\"read-more\"><a href=\"https:\/\/www.vhs-tarifvertrag.de\/wordpress\/?p=2755\">Weiterlesen &raquo;<\/a><\/span><\/p>\n","protected":false},"author":3,"featured_media":0,"comment_status":"closed","ping_status":"open","sticky":false,"template":"","format":"standard","meta":{"ngg_post_thumbnail":0,"footnotes":""},"categories":[17],"tags":[],"class_list":["post-2755","post","type-post","status-publish","format-standard","hentry","category-aktuelles"],"_links":{"self":[{"href":"https:\/\/www.vhs-tarifvertrag.de\/wordpress\/index.php?rest_route=\/wp\/v2\/posts\/2755","targetHints":{"allow":["GET"]}}],"collection":[{"href":"https:\/\/www.vhs-tarifvertrag.de\/wordpress\/index.php?rest_route=\/wp\/v2\/posts"}],"about":[{"href":"https:\/\/www.vhs-tarifvertrag.de\/wordpress\/index.php?rest_route=\/wp\/v2\/types\/post"}],"author":[{"embeddable":true,"href":"https:\/\/www.vhs-tarifvertrag.de\/wordpress\/index.php?rest_route=\/wp\/v2\/users\/3"}],"replies":[{"embeddable":true,"href":"https:\/\/www.vhs-tarifvertrag.de\/wordpress\/index.php?rest_route=%2Fwp%2Fv2%2Fcomments&post=2755"}],"version-history":[{"count":5,"href":"https:\/\/www.vhs-tarifvertrag.de\/wordpress\/index.php?rest_route=\/wp\/v2\/posts\/2755\/revisions"}],"predecessor-version":[{"id":2760,"href":"https:\/\/www.vhs-tarifvertrag.de\/wordpress\/index.php?rest_route=\/wp\/v2\/posts\/2755\/revisions\/2760"}],"wp:attachment":[{"href":"https:\/\/www.vhs-tarifvertrag.de\/wordpress\/index.php?rest_route=%2Fwp%2Fv2%2Fmedia&parent=2755"}],"wp:term":[{"taxonomy":"category","embeddable":true,"href":"https:\/\/www.vhs-tarifvertrag.de\/wordpress\/index.php?rest_route=%2Fwp%2Fv2%2Fcategories&post=2755"},{"taxonomy":"post_tag","embeddable":true,"href":"https:\/\/www.vhs-tarifvertrag.de\/wordpress\/index.php?rest_route=%2Fwp%2Fv2%2Ftags&post=2755"}],"curies":[{"name":"wp","href":"https:\/\/api.w.org\/{rel}","templated":true}]}}