{"id":2674,"date":"2026-01-30T12:47:24","date_gmt":"2026-01-30T10:47:24","guid":{"rendered":"https:\/\/www.vhs-tarifvertrag.de\/wordpress\/?p=2674"},"modified":"2026-01-30T12:54:04","modified_gmt":"2026-01-30T10:54:04","slug":"vollversammlung-der-berliner-vhs-dozentinnen-samstag-21-02-2026-14-uhr","status":"publish","type":"post","link":"https:\/\/www.vhs-tarifvertrag.de\/wordpress\/?p=2674","title":{"rendered":"VOLLVERSAMMLUNG der Berliner VHS-Dozent:innen,  Samstag, 21.02.2026 14 Uhr"},"content":{"rendered":"<p>Hier ist das <a href=\"https:\/\/www.vhs-tarifvertrag.de\/wordpress\/wp-content\/uploads\/VV_Einladung_2026.pdf\">Plakat<\/a> f\u00fcr die Dozent:innenzimmer.<\/p>\n<p>Die Berliner VHS-Dozent:innen-Vertretung informiert alle Kolleg:innen, dass eine neues Bundesgesetz&nbsp; in Arbeit ist.<\/p>\n<p>Wie geht es weiter mit unserer Besch\u00e4ftigung nach dem Herrenberg-Urteil?<\/p>\n<p>Berichte und Diskussionen dar\u00fcber bei der VOLLVERSAMMLUNG der Berliner VHS-Dozent:innen<\/p>\n<p>Samstag, 21.02.2026<br \/>\n14-17 Uhr<br \/>\nTagungszentrum Franz-Mehringplatz 1<br \/>\n10243 Berlin<br \/>\nN\u00e4he Ostbahnhof<\/p>\n<p>Wenn m\u00f6glich, sollen alle in Pr\u00e4senz kommen, aber die Veranstaltung ist hybrid geplant, also auch eine Online-Teilnahme ist m\u00f6glich.<\/p>\n<p>Hier ist das <a href=\"https:\/\/www.vhs-tarifvertrag.de\/wordpress\/wp-content\/uploads\/VV_Einladung_2026.pdf\">Plakat<\/a> f\u00fcr die Dozent:innenzimmer.<\/p>\n","protected":false},"excerpt":{"rendered":"<p>Hier ist das Plakat f\u00fcr die Dozent:innenzimmer. Die Berliner VHS-Dozent:innen-Vertretung informiert alle Kolleg:innen, dass eine neues Bundesgesetz&nbsp; in Arbeit ist. Wie geht es weiter mit unserer Besch\u00e4ftigung nach dem Herrenberg-Urteil? Berichte und Diskussionen dar\u00fcber bei der VOLLVERSAMMLUNG der Berliner VHS-Dozent:innen Samstag, 21.02.2026 14-17 Uhr Tagungszentrum Franz-Mehringplatz 1 10243 Berlin N\u00e4he Ostbahnhof Wenn m\u00f6glich, sollen alle\u2026 <span class=\"read-more\"><a href=\"https:\/\/www.vhs-tarifvertrag.de\/wordpress\/?p=2674\">Weiterlesen &raquo;<\/a><\/span><\/p>\n","protected":false},"author":3,"featured_media":0,"comment_status":"closed","ping_status":"open","sticky":false,"template":"","format":"standard","meta":{"ngg_post_thumbnail":0,"footnotes":""},"categories":[17],"tags":[],"class_list":["post-2674","post","type-post","status-publish","format-standard","hentry","category-aktuelles"],"_links":{"self":[{"href":"https:\/\/www.vhs-tarifvertrag.de\/wordpress\/index.php?rest_route=\/wp\/v2\/posts\/2674","targetHints":{"allow":["GET"]}}],"collection":[{"href":"https:\/\/www.vhs-tarifvertrag.de\/wordpress\/index.php?rest_route=\/wp\/v2\/posts"}],"about":[{"href":"https:\/\/www.vhs-tarifvertrag.de\/wordpress\/index.php?rest_route=\/wp\/v2\/types\/post"}],"author":[{"embeddable":true,"href":"https:\/\/www.vhs-tarifvertrag.de\/wordpress\/index.php?rest_route=\/wp\/v2\/users\/3"}],"replies":[{"embeddable":true,"href":"https:\/\/www.vhs-tarifvertrag.de\/wordpress\/index.php?rest_route=%2Fwp%2Fv2%2Fcomments&post=2674"}],"version-history":[{"count":2,"href":"https:\/\/www.vhs-tarifvertrag.de\/wordpress\/index.php?rest_route=\/wp\/v2\/posts\/2674\/revisions"}],"predecessor-version":[{"id":2677,"href":"https:\/\/www.vhs-tarifvertrag.de\/wordpress\/index.php?rest_route=\/wp\/v2\/posts\/2674\/revisions\/2677"}],"wp:attachment":[{"href":"https:\/\/www.vhs-tarifvertrag.de\/wordpress\/index.php?rest_route=%2Fwp%2Fv2%2Fmedia&parent=2674"}],"wp:term":[{"taxonomy":"category","embeddable":true,"href":"https:\/\/www.vhs-tarifvertrag.de\/wordpress\/index.php?rest_route=%2Fwp%2Fv2%2Fcategories&post=2674"},{"taxonomy":"post_tag","embeddable":true,"href":"https:\/\/www.vhs-tarifvertrag.de\/wordpress\/index.php?rest_route=%2Fwp%2Fv2%2Ftags&post=2674"}],"curies":[{"name":"wp","href":"https:\/\/api.w.org\/{rel}","templated":true}]}}