{"id":2648,"date":"2025-10-14T21:22:51","date_gmt":"2025-10-14T19:22:51","guid":{"rendered":"https:\/\/www.vhs-tarifvertrag.de\/wordpress\/?p=2648"},"modified":"2025-10-14T21:22:51","modified_gmt":"2025-10-14T19:22:51","slug":"festanstellungen-an-der-vhs-essen","status":"publish","type":"post","link":"https:\/\/www.vhs-tarifvertrag.de\/wordpress\/?p=2648","title":{"rendered":"Festanstellungen an der VHS-Essen"},"content":{"rendered":"<div>Die Volkshochschule Essen hat ihren <span style=\"color: #000000;\"><b>Honorarlehrkr\u00e4ften Festanstellungen<\/b><\/span> angeboten.&nbsp;<\/div>\n<div>Die GEW sieht darin ein Vorbild f\u00fcr andere Bildungstr\u00e4ger: <a href=\"https:\/\/www.gew.de\/aktuelles\/detailseite\/gute-arbeit-in-der-weiterbildung-ist-moeglich\" target=\"_blank\" rel=\"noopener noreferrer\">https:\/\/www.gew.de\/aktuelles\/<wbr>detailseite\/gute-arbeit-in-<wbr>der-weiterbildung-ist-moeglich<\/a>Besonders bei den vom BAMF finanzierten Integrations- und Berufssprachkurse sei schnell klar gewesen, dass die Besch\u00e4ftigungsverh\u00e4ltnisse als abh\u00e4ngige Besch\u00e4ftigung eingestuft werden k\u00f6nne, erkl\u00e4rte der Direktor der VHS Essen.Ein aktueller <a href=\"https:\/\/wb-web.de\/aktuelles\/33-podcast-online-eine-praxisantwort-auf-das-herrenberg-urteil.html\" target=\"_blank\" rel=\"noopener noreferrer\">Podcast von wb-web<\/a>.de zeigt die positiven Auswirkungen f\u00fcr Lehrkr\u00e4fte und Lernende.<\/div>\n<div>&nbsp;<\/div>\n","protected":false},"excerpt":{"rendered":"<p>Die Volkshochschule Essen hat ihren Honorarlehrkr\u00e4ften Festanstellungen angeboten.&nbsp; Die GEW sieht darin ein Vorbild f\u00fcr andere Bildungstr\u00e4ger: https:\/\/www.gew.de\/aktuelles\/detailseite\/gute-arbeit-in-der-weiterbildung-ist-moeglichBesonders bei den vom BAMF finanzierten Integrations- und Berufssprachkurse sei schnell klar gewesen, dass die Besch\u00e4ftigungsverh\u00e4ltnisse als abh\u00e4ngige Besch\u00e4ftigung eingestuft werden k\u00f6nne, erkl\u00e4rte der Direktor der VHS Essen.Ein aktueller Podcast von wb-web.de zeigt die positiven Auswirkungen f\u00fcr Lehrkr\u00e4fte\u2026 <span class=\"read-more\"><a href=\"https:\/\/www.vhs-tarifvertrag.de\/wordpress\/?p=2648\">Weiterlesen &raquo;<\/a><\/span><\/p>\n","protected":false},"author":3,"featured_media":0,"comment_status":"closed","ping_status":"open","sticky":false,"template":"","format":"standard","meta":{"ngg_post_thumbnail":0,"footnotes":""},"categories":[17],"tags":[],"class_list":["post-2648","post","type-post","status-publish","format-standard","hentry","category-aktuelles"],"_links":{"self":[{"href":"https:\/\/www.vhs-tarifvertrag.de\/wordpress\/index.php?rest_route=\/wp\/v2\/posts\/2648","targetHints":{"allow":["GET"]}}],"collection":[{"href":"https:\/\/www.vhs-tarifvertrag.de\/wordpress\/index.php?rest_route=\/wp\/v2\/posts"}],"about":[{"href":"https:\/\/www.vhs-tarifvertrag.de\/wordpress\/index.php?rest_route=\/wp\/v2\/types\/post"}],"author":[{"embeddable":true,"href":"https:\/\/www.vhs-tarifvertrag.de\/wordpress\/index.php?rest_route=\/wp\/v2\/users\/3"}],"replies":[{"embeddable":true,"href":"https:\/\/www.vhs-tarifvertrag.de\/wordpress\/index.php?rest_route=%2Fwp%2Fv2%2Fcomments&post=2648"}],"version-history":[{"count":1,"href":"https:\/\/www.vhs-tarifvertrag.de\/wordpress\/index.php?rest_route=\/wp\/v2\/posts\/2648\/revisions"}],"predecessor-version":[{"id":2649,"href":"https:\/\/www.vhs-tarifvertrag.de\/wordpress\/index.php?rest_route=\/wp\/v2\/posts\/2648\/revisions\/2649"}],"wp:attachment":[{"href":"https:\/\/www.vhs-tarifvertrag.de\/wordpress\/index.php?rest_route=%2Fwp%2Fv2%2Fmedia&parent=2648"}],"wp:term":[{"taxonomy":"category","embeddable":true,"href":"https:\/\/www.vhs-tarifvertrag.de\/wordpress\/index.php?rest_route=%2Fwp%2Fv2%2Fcategories&post=2648"},{"taxonomy":"post_tag","embeddable":true,"href":"https:\/\/www.vhs-tarifvertrag.de\/wordpress\/index.php?rest_route=%2Fwp%2Fv2%2Ftags&post=2648"}],"curies":[{"name":"wp","href":"https:\/\/api.w.org\/{rel}","templated":true}]}}