{"id":2612,"date":"2025-05-19T11:26:16","date_gmt":"2025-05-19T09:26:16","guid":{"rendered":"https:\/\/www.vhs-tarifvertrag.de\/wordpress\/?p=2612"},"modified":"2025-05-20T09:39:11","modified_gmt":"2025-05-20T07:39:11","slug":"maximale-zahl-der-unterrichtseinheiten-in-den-integrationskursen","status":"publish","type":"post","link":"https:\/\/www.vhs-tarifvertrag.de\/wordpress\/?p=2612","title":{"rendered":"Maximale Zahl der Unterrichtseinheiten in den Integrationskursen"},"content":{"rendered":"<p class=\"western\" align=\"left\">Im <a href=\"https:\/\/www.bamf.de\/SharedDocs\/Anlagen\/DE\/Integration\/Integrationskurse\/Kurstraeger\/Traegerrundschreiben\/2025\/traegerrundschreiben-02_20250228.html\" target=\"_blank\" rel=\"noopener\">Tr\u00e4gerrundschreiben<\/a> vom BAMF vom 28.2.25 wird festgelegt, dass in den Integrations- und Berufssprachkursen 29 Unterrichtseinheiten bei einer 40-st\u00fcndigen Vollzeitstelle zu leisten sind. <!--more-->Das BAMF hat die&nbsp; Arbeitsgruppe &#8222;Maximum w\u00f6chentlicher Unterrichtseinheiten f\u00fcr festangestellte Lehrkr\u00e4fte in Integrations- und Berufssprachkursen&#8220; eingerichtet mit der Aufgabe dar\u00fcber beraten, in welchem Verh\u00e4ltnis die Zahl der<br \/>\nUnterrichtsstunden in Integrations- und Berufssprachkursen zur<br \/>\nregelm\u00e4\u00dfigen Wochenarbeitszeit stehen sollte.<br \/>\nZiel war es, die sogenannten \u201e<a href=\"https:\/\/www.vhs-tarifvertrag.de\/wordpress\/wp-content\/uploads\/Liste_Zusammenhangstaetigkeiten_von_Lehrkraeften_in_IK_und_BSK_1.pdf\">Zusammenhangst\u00e4tigkeiten<\/a>\u201c angestellter<br \/>\nLehrkr\u00e4fte au\u00dferhalb der Unterrichtst\u00e4tigkeit konkret zu beschreiben und<br \/>\nden Zeitbedarf zu sch\u00e4tzen.<br \/>\nDas Ergebnis ist, dass&nbsp; bei einer 40-Stunden-Arbeitswoche nicht<br \/>\n<strong>mehr als 29 Unterrichtseinheiten (UE)<\/strong> \u00e0 45 Minuten geleistet werden d\u00fcrfen.<\/p>\n<p align=\"left\">Die <a href=\"https:\/\/www.gew.de\/aktuelles\/detailseite\/endlich-belastungsobergrenze-festgelegt\">Gewerkschaften<\/a>, die in der Kommission vertreten waren, forderten 25 UE, aber das Ergebnis wird als Schritt in der richtige Richtung bewertet.&nbsp;<\/p>\n<p>Das B\u00fcndnis Daf-Daz-Lehrkr\u00e4fte gibt <a href=\"https:\/\/www.dafdaz-lehrkraefte.de\/2025\/04\/09\/was-tun-wenn-der-tr%C3%A4ger-die-29-ue-regelung-nicht-einh%C3%A4lt\/\">Ratschl\u00e4ge<\/a> f\u00fcr den Fall, dass die Tr\u00e4ger die maximale Zahl der UE nicht einhalten.<\/p>\n","protected":false},"excerpt":{"rendered":"<p>Im Tr\u00e4gerrundschreiben vom BAMF vom 28.2.25 wird festgelegt, dass in den Integrations- und Berufssprachkursen 29 Unterrichtseinheiten bei einer 40-st\u00fcndigen Vollzeitstelle zu leisten sind.<\/p>\n","protected":false},"author":3,"featured_media":0,"comment_status":"closed","ping_status":"open","sticky":false,"template":"","format":"standard","meta":{"ngg_post_thumbnail":0,"footnotes":""},"categories":[17],"tags":[],"class_list":["post-2612","post","type-post","status-publish","format-standard","hentry","category-aktuelles"],"_links":{"self":[{"href":"https:\/\/www.vhs-tarifvertrag.de\/wordpress\/index.php?rest_route=\/wp\/v2\/posts\/2612","targetHints":{"allow":["GET"]}}],"collection":[{"href":"https:\/\/www.vhs-tarifvertrag.de\/wordpress\/index.php?rest_route=\/wp\/v2\/posts"}],"about":[{"href":"https:\/\/www.vhs-tarifvertrag.de\/wordpress\/index.php?rest_route=\/wp\/v2\/types\/post"}],"author":[{"embeddable":true,"href":"https:\/\/www.vhs-tarifvertrag.de\/wordpress\/index.php?rest_route=\/wp\/v2\/users\/3"}],"replies":[{"embeddable":true,"href":"https:\/\/www.vhs-tarifvertrag.de\/wordpress\/index.php?rest_route=%2Fwp%2Fv2%2Fcomments&post=2612"}],"version-history":[{"count":4,"href":"https:\/\/www.vhs-tarifvertrag.de\/wordpress\/index.php?rest_route=\/wp\/v2\/posts\/2612\/revisions"}],"predecessor-version":[{"id":2617,"href":"https:\/\/www.vhs-tarifvertrag.de\/wordpress\/index.php?rest_route=\/wp\/v2\/posts\/2612\/revisions\/2617"}],"wp:attachment":[{"href":"https:\/\/www.vhs-tarifvertrag.de\/wordpress\/index.php?rest_route=%2Fwp%2Fv2%2Fmedia&parent=2612"}],"wp:term":[{"taxonomy":"category","embeddable":true,"href":"https:\/\/www.vhs-tarifvertrag.de\/wordpress\/index.php?rest_route=%2Fwp%2Fv2%2Fcategories&post=2612"},{"taxonomy":"post_tag","embeddable":true,"href":"https:\/\/www.vhs-tarifvertrag.de\/wordpress\/index.php?rest_route=%2Fwp%2Fv2%2Ftags&post=2612"}],"curies":[{"name":"wp","href":"https:\/\/api.w.org\/{rel}","templated":true}]}}