{"id":1852,"date":"2021-01-30T20:01:54","date_gmt":"2021-01-30T18:01:54","guid":{"rendered":"https:\/\/www.vhs-tarifvertrag.de\/wordpress\/?p=1852"},"modified":"2021-02-09T15:22:26","modified_gmt":"2021-02-09T13:22:26","slug":"sitzung-im-bildungsausschuss-am-21-01-21","status":"publish","type":"post","link":"https:\/\/www.vhs-tarifvertrag.de\/wordpress\/?p=1852","title":{"rendered":"Sitzung im Bildungsausschuss am 21.01.21"},"content":{"rendered":"<div>\n<div id=\"attachment_1826\" style=\"width: 160px\" class=\"wp-caption alignleft\"><img loading=\"lazy\" decoding=\"async\" aria-describedby=\"caption-attachment-1826\" class=\"size-thumbnail wp-image-1826\" src=\"https:\/\/www.vhs-tarifvertrag.de\/wordpress\/wp-content\/uploads\/20210118polentz010-150x150.jpg\" alt=\"\" width=\"150\" height=\"150\" srcset=\"https:\/\/www.vhs-tarifvertrag.de\/wordpress\/wp-content\/uploads\/20210118polentz010-150x150.jpg 150w, https:\/\/www.vhs-tarifvertrag.de\/wordpress\/wp-content\/uploads\/20210118polentz010-45x45.jpg 45w\" sizes=\"auto, (max-width: 150px) 100vw, 150px\" \/><p id=\"caption-attachment-1826\" class=\"wp-caption-text\">ver.di-Aktion von VHS Dozentinnen und Dozenten f\u00fcr mehr soziale Absicherung vor der VHS Sch\u00f6neberg am Barbarossaplatz<\/p><\/div>\n<p>F\u00fcr die Berliner VHS-Dozent*innen war das, was am 21.01.21 im Bildungsausschuss des Berliner Abgeordnetenhauses beschlossen wurde, erfreulich und auch ungew\u00f6hnlich: der gesamte Bildungsausschuss hat mit allen Fraktionen einstimmig daf\u00fcr votiert, den Parlamentsbeschluss vom Juni 2020 &#8222;Mehr soziale Sicherheit f\u00fcr Volkshochschul-Dozent*innen&#8220; weiterzuverfolgen. Der Ausschuss hat hierzu eine &#8222;<a href=\"https:\/\/www.vhs-tarifvertrag.de\/wordpress\/wp-content\/uploads\/h18-3363.A-v_BeschlussBild-Ausschuss_210121.pdf\">Protokollnotiz<\/a>&#8220; verfasst, die an den Hauptausschuss des Parlaments \u00fcbermittelt wird. Im Hauptausschuss wird am 17. Februar schlussabgestimmt, ob die Senatsverwaltung sich auf Verhandlungen mit der Gewerkschaft (ver.di) \u00fcber eine Rahmenvereinbarung zur sozialen Absicherung einlassen muss.<\/p>\n<p>Die Aussprache im Bildungsausschuss kann hier (ab 2:23 Min.) geh\u00f6rt und gesehen werden: <a href=\"https:\/\/www.youtube.com\/watch?v=XfjQvwXOMn0&amp;list=PLgqUxMeOmFHz3dxbD-zR7kbuaJbeB9SWD\" target=\"_blank\" rel=\"noopener noreferrer\" data-saferedirecturl=\"https:\/\/www.google.com\/url?q=https:\/\/www.youtube.com\/watch?v%3DXfjQvwXOMn0%26list%3DPLgqUxMeOmFHz3dxbD-zR7kbuaJbeB9SWD&amp;source=gmail&amp;ust=1612108585741000&amp;usg=AFQjCNELA0w3n0aWj2CxwxDM9DHyi63msA\">https:\/\/www.youtube.com\/watch?<wbr>v=XfjQvwXOMn0&amp;list=<wbr>PLgqUxMeOmFHz3dxbD-<wbr>zR7kbuaJbeB9SWD<\/a><\/p>\n<\/div>\n<p>&nbsp;<\/p>\n<p>&nbsp;<\/p>\n<p>&nbsp;<\/p>\n<p>&nbsp;<\/p>\n<p>&nbsp;<\/p>\n<div>\n<p><!--more-->Zu h\u00f6ren und sehen sind die drei bildungspolitischen Sprecherinnen Fr. Lasic (SPD), Fr. Kittler (Linke), Fr. Remlinger (Gr\u00fcne), die Bildungsstaatssekret\u00e4rin Fr. Stoffers (SPD), Abteilungsleiter Landespersonal bei SenFin, Hr. Jammer sowie Hr. Raiser (Leiter des Referats f\u00fcr Erwachsenen- und Grundbildung, Senat f\u00fcr Bildung).<br \/>\nSiehe auch: <a href=\"https:\/\/www.parlament-berlin.de\/adosservice\/18\/Haupt\/vorgang\/h18-3363.A-v.pdf\" target=\"_blank\" rel=\"noopener noreferrer\" data-saferedirecturl=\"https:\/\/www.google.com\/url?q=https:\/\/www.parlament-berlin.de\/adosservice\/18\/Haupt\/vorgang\/h18-3363.A-v.pdf&amp;source=gmail&amp;ust=1612108585741000&amp;usg=AFQjCNH2CSkyGDNheyBFRe2Uibf4OC67oA\">https:\/\/www.parlament-berlin.<wbr>de\/adosservice\/18\/Haupt\/<wbr>vorgang\/h18-3363.A-v.pdf<\/a><\/p>\n<\/div>\n<div>In der folgenden Sendung wird \u00fcber die Arbeitsbedingungen der VHS-Dozent*innen sowie um die Sitzung des Bildungsausschusses berichtet:<\/div>\n<div><a href=\"https:\/\/www.deutschlandfunk.de\/campus-karriere-das-bildungsmagazin.679.de.html\" target=\"_blank\" rel=\"noopener noreferrer\">https:\/\/www.deutschlandfunk.de\/campus-karriere-das-bildungsmagazin.679.de.html<\/a><\/div>\n<div>&nbsp;<\/div>\n","protected":false},"excerpt":{"rendered":"<p>F\u00fcr die Berliner VHS-Dozent*innen war das, was am 21.01.21 im Bildungsausschuss des Berliner Abgeordnetenhauses beschlossen wurde, erfreulich und auch ungew\u00f6hnlich: der gesamte Bildungsausschuss hat mit allen Fraktionen einstimmig daf\u00fcr votiert, den Parlamentsbeschluss vom Juni 2020 &#8222;Mehr soziale Sicherheit f\u00fcr Volkshochschul-Dozent*innen&#8220; weiterzuverfolgen. Der Ausschuss hat hierzu eine &#8222;Protokollnotiz&#8220; verfasst, die an den Hauptausschuss des Parlaments \u00fcbermittelt\u2026 <span class=\"read-more\"><a href=\"https:\/\/www.vhs-tarifvertrag.de\/wordpress\/?p=1852\">Weiterlesen &raquo;<\/a><\/span><\/p>\n","protected":false},"author":3,"featured_media":0,"comment_status":"closed","ping_status":"open","sticky":false,"template":"","format":"standard","meta":{"ngg_post_thumbnail":0,"footnotes":""},"categories":[14,17],"tags":[],"class_list":["post-1852","post","type-post","status-publish","format-standard","hentry","category-aktion-soziale-absicherung","category-aktuelles"],"_links":{"self":[{"href":"https:\/\/www.vhs-tarifvertrag.de\/wordpress\/index.php?rest_route=\/wp\/v2\/posts\/1852","targetHints":{"allow":["GET"]}}],"collection":[{"href":"https:\/\/www.vhs-tarifvertrag.de\/wordpress\/index.php?rest_route=\/wp\/v2\/posts"}],"about":[{"href":"https:\/\/www.vhs-tarifvertrag.de\/wordpress\/index.php?rest_route=\/wp\/v2\/types\/post"}],"author":[{"embeddable":true,"href":"https:\/\/www.vhs-tarifvertrag.de\/wordpress\/index.php?rest_route=\/wp\/v2\/users\/3"}],"replies":[{"embeddable":true,"href":"https:\/\/www.vhs-tarifvertrag.de\/wordpress\/index.php?rest_route=%2Fwp%2Fv2%2Fcomments&post=1852"}],"version-history":[{"count":7,"href":"https:\/\/www.vhs-tarifvertrag.de\/wordpress\/index.php?rest_route=\/wp\/v2\/posts\/1852\/revisions"}],"predecessor-version":[{"id":1891,"href":"https:\/\/www.vhs-tarifvertrag.de\/wordpress\/index.php?rest_route=\/wp\/v2\/posts\/1852\/revisions\/1891"}],"wp:attachment":[{"href":"https:\/\/www.vhs-tarifvertrag.de\/wordpress\/index.php?rest_route=%2Fwp%2Fv2%2Fmedia&parent=1852"}],"wp:term":[{"taxonomy":"category","embeddable":true,"href":"https:\/\/www.vhs-tarifvertrag.de\/wordpress\/index.php?rest_route=%2Fwp%2Fv2%2Fcategories&post=1852"},{"taxonomy":"post_tag","embeddable":true,"href":"https:\/\/www.vhs-tarifvertrag.de\/wordpress\/index.php?rest_route=%2Fwp%2Fv2%2Ftags&post=1852"}],"curies":[{"name":"wp","href":"https:\/\/api.w.org\/{rel}","templated":true}]}}