{"id":1824,"date":"2021-01-19T01:59:42","date_gmt":"2021-01-18T23:59:42","guid":{"rendered":"https:\/\/www.vhs-tarifvertrag.de\/wordpress\/?p=1824"},"modified":"2021-02-08T14:51:21","modified_gmt":"2021-02-08T12:51:21","slug":"ver-di-aktion-am-montag-den-8-januar-2021-in-schoeneberg","status":"publish","type":"post","link":"https:\/\/www.vhs-tarifvertrag.de\/wordpress\/?p=1824","title":{"rendered":"ver.di-Aktion am Montag, dem 18. Januar 2021, vor der VHS Sch\u00f6neberg"},"content":{"rendered":"<p><img loading=\"lazy\" decoding=\"async\" class=\"alignleft size-medium wp-image-1756\" src=\"https:\/\/www.vhs-tarifvertrag.de\/wordpress\/wp-content\/uploads\/20210118polentz010-scaled.jpg\" alt=\"\" width=\"300\" height=\"151\">Im Bildungsausschusses des Abgeordnetenhauses entscheiden die Parteien in der kommenden Woche auch \u00fcber die seit vielen Jahren formulierte Verbesserung der sozialen Situation der VHS-Lehrenden. Gemeinsam mit Betroffenen hat ver.di daher am Montag, dem 18. Januar 2021 zu einer corona-konformen Mini-Kundgebung eingeladen.<\/p>\n<div>Die Aktion vor der VHS Sch\u00f6neberg am Barbarossaplatz war&nbsp; f\u00fcr 30 Sekunden im Nachrichtenblock der Abendschau von rbb zu sehen.<\/div>\n<div><!--more-->Seit vierzehn Jahren engagieren sich die in der Regel akademisch ausgebildeten, aber prek\u00e4r besch\u00e4ftigten Berliner VHS-DozentInnen mit ver.di-Unterst\u00fctzung f\u00fcr faire Arbeits- und Tarifbedingungen. Diese Lehrenden leisten einen wichtigen Beitrag zur Integration von Zugewanderten und in anderen Bereichen der Erwachsenenbildung wie beruflicher Bildung, Grundbildung, Alphabetisierung und Fremdsprachen.&nbsp;&nbsp;<\/div>\n<p>&nbsp;<\/p>\n<p>Auch arbeitnehmer\u00e4hnliche Lehrende, die von dieser Arbeit leben und etwa zwei Drittel des VHS-Unterrichts geben, erhalten nur kurzfristige Wochenvertr\u00e4ge. Sie k\u00f6nnen jederzeit ihre Arbeit verlieren \u2013 ohne Arbeitslosengeld und Ausgleichszahlungen. Dies ist nach dem ersten Corona-Lockdown vielfach geschehen. Auch der Verdienst ist mager:&nbsp; Arbeitnehmer\u00e4hnliche VHS-LehrerInnen verdienen an der VHS bei Vollbesch\u00e4ftigung einen unsicheren Monatsverdienst von etwa 1.750 Euro netto.<\/p>\n<p>ver.di fordert daher eine elementare Absicherung: den Anspruch auf Weiterbesch\u00e4ftigung nach Krankheit, Elternzeit, Pflegezeit und Erhalt des Unterrichtsvolumens. Die Coronakrise macht die Notwendigkeit dieser sozialen Absicherung nochmal deutlicher.<\/p>\n<p>Das Berliner Abgeordnetenhaus beschloss am 4. Juni 2020 mit den Stimmen der Regierungskoalition, die prek\u00e4ren Arbeitsverh\u00e4ltnisse endlich zu beenden und eine Rahmenvereinbarung f\u00fcr die Honorar-Besch\u00e4ftigten abzuschlie\u00dfen. Diesem Parlamentsbeschluss widersetzt&nbsp; sich aber der Senat. Am 21. Januar hat der Bildungsausschuss des Berliner Abgeordnetenhauses nun die vorerst letzte M\u00f6glichkeit, noch in dieser Regierungszeit die Einsetzung des Rahmenvertrages mit den Stimmen von SPD, Linken und Gr\u00fcnen zu beschlie\u00dfen.<\/p>\n<p>&nbsp;<\/p>\nngg_shortcode_0_placeholder\n<p>&nbsp;<\/p>\n<p>Fotos: Christian v. Polentz \/ transitfoto<\/p>\n","protected":false},"excerpt":{"rendered":"<p>Im Bildungsausschusses des Abgeordnetenhauses entscheiden die Parteien in der kommenden Woche auch \u00fcber die seit vielen Jahren formulierte Verbesserung der sozialen Situation der VHS-Lehrenden. Gemeinsam mit Betroffenen hat ver.di daher am Montag, dem 18. Januar 2021 zu einer corona-konformen Mini-Kundgebung eingeladen. Die Aktion vor der VHS Sch\u00f6neberg am Barbarossaplatz war&nbsp; f\u00fcr 30 Sekunden im Nachrichtenblock\u2026 <span class=\"read-more\"><a href=\"https:\/\/www.vhs-tarifvertrag.de\/wordpress\/?p=1824\">Weiterlesen &raquo;<\/a><\/span><\/p>\n","protected":false},"author":1,"featured_media":1826,"comment_status":"closed","ping_status":"open","sticky":false,"template":"","format":"standard","meta":{"ngg_post_thumbnail":0,"footnotes":""},"categories":[14,17],"tags":[],"class_list":["post-1824","post","type-post","status-publish","format-standard","has-post-thumbnail","hentry","category-aktion-soziale-absicherung","category-aktuelles"],"_links":{"self":[{"href":"https:\/\/www.vhs-tarifvertrag.de\/wordpress\/index.php?rest_route=\/wp\/v2\/posts\/1824","targetHints":{"allow":["GET"]}}],"collection":[{"href":"https:\/\/www.vhs-tarifvertrag.de\/wordpress\/index.php?rest_route=\/wp\/v2\/posts"}],"about":[{"href":"https:\/\/www.vhs-tarifvertrag.de\/wordpress\/index.php?rest_route=\/wp\/v2\/types\/post"}],"author":[{"embeddable":true,"href":"https:\/\/www.vhs-tarifvertrag.de\/wordpress\/index.php?rest_route=\/wp\/v2\/users\/1"}],"replies":[{"embeddable":true,"href":"https:\/\/www.vhs-tarifvertrag.de\/wordpress\/index.php?rest_route=%2Fwp%2Fv2%2Fcomments&post=1824"}],"version-history":[{"count":14,"href":"https:\/\/www.vhs-tarifvertrag.de\/wordpress\/index.php?rest_route=\/wp\/v2\/posts\/1824\/revisions"}],"predecessor-version":[{"id":1867,"href":"https:\/\/www.vhs-tarifvertrag.de\/wordpress\/index.php?rest_route=\/wp\/v2\/posts\/1824\/revisions\/1867"}],"wp:featuredmedia":[{"embeddable":true,"href":"https:\/\/www.vhs-tarifvertrag.de\/wordpress\/index.php?rest_route=\/wp\/v2\/media\/1826"}],"wp:attachment":[{"href":"https:\/\/www.vhs-tarifvertrag.de\/wordpress\/index.php?rest_route=%2Fwp%2Fv2%2Fmedia&parent=1824"}],"wp:term":[{"taxonomy":"category","embeddable":true,"href":"https:\/\/www.vhs-tarifvertrag.de\/wordpress\/index.php?rest_route=%2Fwp%2Fv2%2Fcategories&post=1824"},{"taxonomy":"post_tag","embeddable":true,"href":"https:\/\/www.vhs-tarifvertrag.de\/wordpress\/index.php?rest_route=%2Fwp%2Fv2%2Ftags&post=1824"}],"curies":[{"name":"wp","href":"https:\/\/api.w.org\/{rel}","templated":true}]}}