{"id":1732,"date":"2021-01-11T13:44:14","date_gmt":"2021-01-11T11:44:14","guid":{"rendered":"https:\/\/www.vhs-tarifvertrag.de\/wordpress\/?p=1732"},"modified":"2021-01-16T20:22:11","modified_gmt":"2021-01-16T18:22:11","slug":"aktion-soziale-absicherung-protest-vor-dem-roten-rathaus-am-mittwoch-13-01-10-12-uhr","status":"publish","type":"post","link":"https:\/\/www.vhs-tarifvertrag.de\/wordpress\/?p=1732","title":{"rendered":"Protest vor dem Roten Rathaus, am Mittwoch 13.01., 10-12 Uhr"},"content":{"rendered":"<p align=\"justify\"><img loading=\"lazy\" decoding=\"async\" class=\"alignleft size-medium wp-image-1756\" src=\"https:\/\/www.vhs-tarifvertrag.de\/wordpress\/wp-content\/uploads\/VHSDozBanner1aKrankheit-xWeb-300x100.jpg\" alt=\"\" width=\"300\" height=\"100\" srcset=\"https:\/\/www.vhs-tarifvertrag.de\/wordpress\/wp-content\/uploads\/VHSDozBanner1aKrankheit-xWeb-300x100.jpg 300w, https:\/\/www.vhs-tarifvertrag.de\/wordpress\/wp-content\/uploads\/VHSDozBanner1aKrankheit-xWeb-1024x341.jpg 1024w, https:\/\/www.vhs-tarifvertrag.de\/wordpress\/wp-content\/uploads\/VHSDozBanner1aKrankheit-xWeb-768x256.jpg 768w, https:\/\/www.vhs-tarifvertrag.de\/wordpress\/wp-content\/uploads\/VHSDozBanner1aKrankheit-xWeb-1536x512.jpg 1536w, https:\/\/www.vhs-tarifvertrag.de\/wordpress\/wp-content\/uploads\/VHSDozBanner1aKrankheit-xWeb-2048x683.jpg 2048w, https:\/\/www.vhs-tarifvertrag.de\/wordpress\/wp-content\/uploads\/VHSDozBanner1aKrankheit-xWeb-660x220.jpg 660w\" sizes=\"auto, (max-width: 300px) 100vw, 300px\" \/><\/p>\n<p>Vor der Sitzung vom&nbsp; 21. Januar des Bildungsausschusses&nbsp; im Berliner Abgeordnetenhaus, der sich erneut mit dem Thema VHS besch\u00e4ftigen wird, f\u00fchren die Vertretung der Berliner VHS-Dozent*innen und ver.di <strong>zwei Protestaktionen<\/strong> durch. Die erste findet am Mittwoch 13.01., 10-12 Uhr vor dem Roten Rathaus statt.<\/p>\n<p>Angesichts der Schwere der Corona-Pandemie ist es nicht m\u00f6glich, eine Demo zu veranstalten, sondern wir werden eine Mahnwache von wenigen Kolleg*innen mit Masken und Abstand durchf\u00fchren. Eine breitere Teilnahme ist nicht m\u00f6glich.<\/p>\n<p>Wir bitten aber alle Kolleg*innen und Interessierte, die Information \u00fcber diese Aktion \u00fcber die eigenen Verteiler, Kan\u00e4le und Bekanntenkreise zu verbreiten. Die Vertretung der Berliner VHS-Dozent*innen und ver.di engagieren sich, damit unsere Aktionen ein gro\u00dfes Presseecho haben werden.&nbsp;<\/p>\n<p><strong>Macht mit, ihr k\u00f6nnt dazu beitragen.<\/strong><\/p>\n<p style=\"text-align: left;\">Zur <strong>pers\u00f6nlichen Situation<\/strong> der VHS-Kolllg*innen bei Krankheit und Reha k\u00f6nnt ihr hier eine <a href=\"https:\/\/www.vhs-tarifvertrag.de\/wordpress\/wp-content\/uploads\/O-Toene_Krankheit_210111.pdf\">Auswahl<\/a> aus den Briefen, die im Dezember 2020 VHS-Dozent*innen an Abgeordnete und Senator*innen geschrieben und der Vertretung der Berliner VHS-Dozent*innen mitgeteilt haben.<\/p>\n<p style=\"text-align: left;\">Bez\u00fcglich der sozialen Absicherung bei Krankheit sieht die<strong> politische Situation<\/strong> forgenderma\u00dfen aus:<br \/>\nIm Berliner Regierungsprogramm von SPD, Linken und Gr\u00fcnen 2017 haben wir einen<br \/>\nverbalen Erfolg erzielt. Dort hei\u00dft es unter anderem: \u201eF\u00fcr arbeitnehmer\u00e4hnliche<br \/>\nBesch\u00e4ftigte will die Koalition eine tarifvertragliche Regelung abschlie\u00dfen.\u201c Dazu kam es<br \/>\nbisher nicht.<!--more--><br \/>\nEin Tarifvertrag f\u00fcr arbeitnehmer\u00e4hnliche Dozent*innen sei nicht m\u00f6glich, weil die<br \/>\nTarifgemeinschaft deutscher L\u00e4nder (TdL) dies 2017 verweigert habe, sagt der Senat.<br \/>\nDaher fordern wir im Moment eine andere Rechtsform auf Landesebene, die es im Land<br \/>\nBremen bereits gibt: eine Rahmenvereinbarung mit dem Land Berlin f\u00fcr die VHS Berlin.<br \/>\nDies hat Berliner das Abgeordnetenhaus am 4.6.20 unter der \u00dcberschrift \u201eMehr soziale<br \/>\nSicherheit f\u00fcr VHS-Dozent*innen\u201c beschlossen. Darin hei\u00dft es: \u201eDer Senat wird<br \/>\naufgefordert, mit der f\u00fcr die Dozent*innen der Berliner Volkshochschulen (VHS)<br \/>\nzust\u00e4ndigen Gewerkschaft eine Rahmenvereinbarung zur tarifvertrags\u00e4hnlichen sozialen<br \/>\nAbsicherung auf Landesebene abzuschlie\u00dfen.\u201c<br \/>\nGegenstand dieser L\u00f6sung sollten sein: ein Anspruch auf Weiterbesch\u00e4ftigung<br \/>\ninsbesondere nach Elternzeit, Pflegezeit und Krankheit; Anspruch auf Erhaltung des<br \/>\nUnterrichtsvolumens, ansonsten Regelung der Ausgleichszahlungen; Aufstockung des<br \/>\nKrankengeldes von 80 % auf 100 %.<br \/>\n<a href=\"https:\/\/www.parlament-berlin.de\/ados\/18\/IIIPlen\/\/vorgang\/d18-2514.pdf\" target=\"_blank\" rel=\"noopener noreferrer\">https:\/\/www.parlament-berlin.de\/ados\/18\/IIIPlen\/\/vorgang\/d18-2514.pdf<\/a><br \/>\nDoch der Senat stellte sich am 30.10.2021 in seinem Schlussbericht \u201eMehr soziale<br \/>\nSicherheit f\u00fcr Volkshochschul-Dozent*innen\u201c dagegen und h\u00e4lt eine soziale Absicherung<br \/>\nsowie eine Personalvertretung f\u00fcr arbeitnehmer\u00e4hnliche Lehrkr\u00e4fte f\u00fcr unm\u00f6glich.<br \/>\nDagegen haben am 24.11.2020 die Berliner VHS-Dozent*innen-Vertretung und ver.di mit Briefen an die<br \/>\nPolitik und einem Gegenbericht protestiert.<\/p>\n<p><a href=\"https:\/\/www.vhs-tarifvertrag.de\/wordpress\/wp-content\/uploads\/VHS-Mehr-sozialeSicherheit_Senat-Schlussbericht_11-2020.pdf\" target=\"_blank\" rel=\"noopener noreferrer\">https:\/\/www.vhs-tarifvertrag.de\/wordpress\/wp-content\/uploads\/VHS-Mehr-sozialeSicherheit_Senat-Schlussbericht_11-2020.pdf<\/a><br \/>\nAm 21. Januar wird sich der Bildungsausschuss des Berliner Abgeordnetenhauses erneut<br \/>\nmit dem Thema besch\u00e4ftigen. Wir sehen diesen Termin als die vorerst letzte M\u00f6glichkeit,<br \/>\ndie Einsetzung des Rahmenvertrages noch in dieser Regierungszeit mit den Stimmen von<br \/>\nSPD, Linken und Gr\u00fcnen zu beschlie\u00dfen.<\/p>\n","protected":false},"excerpt":{"rendered":"<p>Vor der Sitzung vom&nbsp; 21. Januar des Bildungsausschusses&nbsp; im Berliner Abgeordnetenhaus, der sich erneut mit dem Thema VHS besch\u00e4ftigen wird, f\u00fchren die Vertretung der Berliner VHS-Dozent*innen und ver.di zwei Protestaktionen durch. Die erste findet am Mittwoch 13.01., 10-12 Uhr vor dem Roten Rathaus statt. Angesichts der Schwere der Corona-Pandemie ist es nicht m\u00f6glich, eine Demo\u2026 <span class=\"read-more\"><a href=\"https:\/\/www.vhs-tarifvertrag.de\/wordpress\/?p=1732\">Weiterlesen &raquo;<\/a><\/span><\/p>\n","protected":false},"author":3,"featured_media":0,"comment_status":"closed","ping_status":"open","sticky":false,"template":"","format":"standard","meta":{"ngg_post_thumbnail":0,"footnotes":""},"categories":[14,17],"tags":[],"class_list":["post-1732","post","type-post","status-publish","format-standard","hentry","category-aktion-soziale-absicherung","category-aktuelles"],"_links":{"self":[{"href":"https:\/\/www.vhs-tarifvertrag.de\/wordpress\/index.php?rest_route=\/wp\/v2\/posts\/1732","targetHints":{"allow":["GET"]}}],"collection":[{"href":"https:\/\/www.vhs-tarifvertrag.de\/wordpress\/index.php?rest_route=\/wp\/v2\/posts"}],"about":[{"href":"https:\/\/www.vhs-tarifvertrag.de\/wordpress\/index.php?rest_route=\/wp\/v2\/types\/post"}],"author":[{"embeddable":true,"href":"https:\/\/www.vhs-tarifvertrag.de\/wordpress\/index.php?rest_route=\/wp\/v2\/users\/3"}],"replies":[{"embeddable":true,"href":"https:\/\/www.vhs-tarifvertrag.de\/wordpress\/index.php?rest_route=%2Fwp%2Fv2%2Fcomments&post=1732"}],"version-history":[{"count":18,"href":"https:\/\/www.vhs-tarifvertrag.de\/wordpress\/index.php?rest_route=\/wp\/v2\/posts\/1732\/revisions"}],"predecessor-version":[{"id":1819,"href":"https:\/\/www.vhs-tarifvertrag.de\/wordpress\/index.php?rest_route=\/wp\/v2\/posts\/1732\/revisions\/1819"}],"wp:attachment":[{"href":"https:\/\/www.vhs-tarifvertrag.de\/wordpress\/index.php?rest_route=%2Fwp%2Fv2%2Fmedia&parent=1732"}],"wp:term":[{"taxonomy":"category","embeddable":true,"href":"https:\/\/www.vhs-tarifvertrag.de\/wordpress\/index.php?rest_route=%2Fwp%2Fv2%2Fcategories&post=1732"},{"taxonomy":"post_tag","embeddable":true,"href":"https:\/\/www.vhs-tarifvertrag.de\/wordpress\/index.php?rest_route=%2Fwp%2Fv2%2Ftags&post=1732"}],"curies":[{"name":"wp","href":"https:\/\/api.w.org\/{rel}","templated":true}]}}