{"id":1600,"date":"2020-08-05T11:29:08","date_gmt":"2020-08-05T09:29:08","guid":{"rendered":"https:\/\/www.vhs-tarifvertrag.de\/wordpress\/?p=1600"},"modified":"2020-08-10T18:18:37","modified_gmt":"2020-08-10T16:18:37","slug":"offener-brief-vhs-friedrichshain-kreuzberg-skandaloese-zustaende-im-deutschbereich-noch-keine-kurse-fuer-herbst-geplant-dozentinnen-ueber-monate-ohne-einnahmen","status":"publish","type":"post","link":"https:\/\/www.vhs-tarifvertrag.de\/wordpress\/?p=1600","title":{"rendered":"Offener Brief: VHS Friedrichshain-Kreuzberg: Skandal\u00f6se Zust\u00e4nde im Deutschbereich. Noch keine Kurse f\u00fcr Herbst geplant\/ Dozent*innen \u00fcber Monate ohne Einnahmen!"},"content":{"rendered":"<p>Sehr geehrter Herr Regierender B\u00fcrgermeister M\u00fcller,<br \/>\nsehr geehrte Frau Senatorin Scheeres,<br \/>\nsehr geehrte Frau Senatorin Breitenbach,<\/p>\n<p>wir m\u00f6chten Sie \u00fcber skandal\u00f6se Zust\u00e4nde im Deutschbereich an der Volkshochschule Friedrichshain-Kreuzberg (FK) informieren und bitten Sie um Unterst\u00fctzung. Obwohl an anderen Berliner Volkshochschulen bereits Anfang Juli neue Kurse &#8211; mit Coronaregeln &#8211; gestartet sind, liegt der wichtige Deutschbereich, der sonst weit mehr \u00fcber die H\u00e4lfte der Unterrichtstunden ausmacht, an der VHS FK brach. Wir Dozent*innen bef\u00fcrchten, dass die Krise noch Monate dauern wird. Das bedeutet: keine neuen Kurse im Bereich Integration und kein Geld f\u00fcr die freiberuflichen Lehrkr\u00e4fte.<\/p>\n<p>Die betroffenen Kolleg*innen haben sich bereits an ihre Bezirkspolitiker*innen gewandt. Aber auf Bezirksebene ist keine L\u00f6sung in Sicht.<\/p>\n<p>Die meisten Berliner Volkshochschulen bieten nach der Corona-Schlie\u00dfung seit dem 1. Juni wieder Sprachberatungen, Niveau-Einstufungen und Anmeldungen in Pr\u00e4senz an. An der VHS Friedrichshain- Kreuzberg finden hingegen im Deutschbereich bis Ende August keine Anmeldungen und Einstufungen statt. Betroffen sind alle neuen Deutschkurse, die bundesfinanzierten Integrationskurse und auch Deutschkurse f\u00fcr Eltern und Gefl\u00fcchtete und andere Angebote &#8211; sowie ca. 80 Kursleitende.<\/p>\n<p>Den Dozent*innen gegen\u00fcber wird die Verschiebung mit der personellen Situation im Deutschbereich begr\u00fcndet. Die Programmbereichsleiterin ist seit Mitte Juni abwesend. Au\u00dferdem gab es K\u00fcndigungen und Krankmeldungen beim angestellten B\u00fcropersonal.&nbsp; Vertretungsl\u00f6sungen sind nicht vorgesehen.<\/p>\n<p>Eine Kursplanung f\u00fcr das Herbstsemester gibt es nicht. In der Praxis bedeutet das, dass viele Kurse auch Anfang September noch nicht beginnen k\u00f6nnen. Denn hierf\u00fcr ist ein zeitlicher Vorlauf mit Einstufungstests und individueller Beratung von mehreren Wochen n\u00f6tig, um die Kurse zu f\u00fcllen.<\/p>\n<ul>\n<li>Damit stehen die Dozent*innen, die pandemiebedingt bis Ende Juni Ersatzzahlungen bekommen haben, ab 1. Juli bis auf Weiteres ohne Einkommen da.<\/li>\n<li>Die Teilnehmer*innen haben keine Kursangebote mehr in ihrem Stadtteil. Migrant*innen k\u00f6nnen hier nicht Deutsch lernen.<\/li>\n<li>Der VHS FK entgehen die Drittmittel durch das Bundesamt f\u00fcr Migration und Fl\u00fcchtlinge (BAMF) f\u00fcr die Integrationskurse.<\/li>\n<li>Auch der Bezirk FK wird k\u00fcnftig mit weniger finanziellen Zuteilungen vom Senat rechnen m\u00fcssen, wenn die Unterrichtseinheiten in der VHS 2020 reduziert werden.<\/li>\n<\/ul>\n<p>Von der l\u00e4ngerfristigen Aussetzung der Kurse sollten zun\u00e4chst sogar die noch vor der Pandemie begonnenen und am 14. M\u00e4rz lediglich unterbrochenen Integrations- und Berufssprachkurse des BAMF betroffen sein. Dementsprechend wurden Teilnehmer*innen und Dozent*innen informiert. Erst nach Dr\u00e4ngen der Dozent*innen finden diese Restkurse derzeit doch statt. Allerdings nur noch mit sehr wenigen Teilnehmer*innen. Viele Teilnehmende, so berichten Kursleiter*innen, sind der Vertr\u00f6stungen und Terminverschiebungen \u00fcberdr\u00fcssig. Sie lernen anderswo weiter oder gar nicht.<\/p>\n<p>Die Dozent*innen aus FK haben der VHS-Leitung ihre Unterst\u00fctzung angeboten. Eine Antwort darauf bekamen sie nicht. Auch die Bitte nach einer Konferenz wurde abschl\u00e4gig beschieden.<\/p>\n<p>&nbsp;<\/p>\n<p>Dar\u00fcber hinaus gibt es folgende Probleme:<\/p>\n<p><strong>1. Arbeitsplatzabbau<\/strong><\/p>\n<p>Coronabedingt d\u00fcrfen wegen der Abstandregeln nur deutlich weniger Teilnehmende in einem Unterrichtsraum anwesend sein. Viele Volkshochschulen haben daher ihre Kurse verkleinert, so dass ein*e Dozent*in gegen\u00fcber fr\u00fcher weniger Lernende betreut. Die VHS Friedrichshain-Kreuzberg will hingegen in Integrationskursen eine*n Kursleitende*n dazu verpflichten, in zwei R\u00e4umen gleichzeitig einen gro\u00dfen Kurs zu unterrichten. Aufgrund des begrenzten Raumangebots bef\u00fcrchten wir einen Arbeitsplatzabbau im Pr\u00e4senzunterricht.<\/p>\n<p><strong>2. Verzichtserkl\u00e4rung<\/strong><\/p>\n<p>Wie r\u00fcde der Bezirk Friedrichshain-Kreuzberg mit Kursleitenden in der Corona-Krise umgeht, zeigt sich auch an einem neuen Passus in den Honorarvertr\u00e4gen seit Mitte Juli. Die Dozent*innen m\u00fcssen unterschreiben, es werde grunds\u00e4tzlich kein Honorar oder Ausfallhonorar f\u00e4llig, \u201ewenn die jeweils g\u00fcltige SARS-COV-2-Eind\u00e4mmungsverordnung den Pr\u00e4senzunterricht (am Tag eines Kurses\/Unterrichts) verbieten bzw. nicht zulassen\u201c. Mit anderen Worten: Selbst wenn der Finanzsenator, wie vom 14. M\u00e4rz bis 30. Juni geschehen, erm\u00f6glicht, dass die Dozent*innen Ausfallzahlungen erhalten k\u00f6nnen oder das BAMF Ausfallmittel durch SodEG (Sozialdienstleister-Einsatzgesetz) bereitstellt, gehen die Dozent*innen in Friedrichshain-Kreuzberg leer aus. Eine solche Verzichtserkl\u00e4rung wird nur von dieser Berliner VHS verlangt.<\/p>\n<p><strong>3. Arbeitsklima<\/strong><br \/>\nZudem belastet ein Arbeitsklima der Angst den Deutschbereich. 2019 wurde eine Deutschkollegin in FK nach 27-j\u00e4hriger T\u00e4tigkeit von heute auf morgen per E-Mail ohne ein Gespr\u00e4chsangebot rausgeworfen. Vorausgegangen war eine Meinungsverschiedenheit mit dem damaligen Programmbereichsleiter und jetzigen VHS-Direktor. Gute Kommunikation, die fr\u00fcher mit anderem Leitungspersonal m\u00f6glich war, findet nicht mehr statt. Da Dozent*innen auch nach jahrelanger Besch\u00e4ftigung immer nur kurzfristige Honorarvertr\u00e4ge f\u00fcr Wochen erhalten, sind sie vom Wohlwollen der VHS-F\u00fchrungskr\u00e4fte abh\u00e4ngig.<\/p>\n<p>Das Motto an der VHS Friedrichshain-Kreuzberg lautet: Friss oder stirb. \u201eVerbindliche und vertrauensvolle Zusammenarbeit ist uns wichtig\u201c, hei\u00dft es im Leitbild der Berliner Volkshochschulen. Nur Sonntagsreden in diesem Fall.<\/p>\n<p>Und jetzt droht dazu Kursleitenden wegen schlechten Managements ein monatelanger Einkommensausfall oder sogar der Verlust der Erwerbsgrundlage.<\/p>\n<p>Wertsch\u00e4tzung von langj\u00e4hrig freiberuflichen Mitarbeiter*innen und Solidarit\u00e4t in einer alle Menschen be\u00e4ngstigenden Pandemie sehen anders aus.<\/p>\n<p>&nbsp;<\/p>\n<p>Das Verhalten des Bezirks Friedrichshain-Kreuzberg steht der Absicht der Berliner Regierung diametral entgegen. Sie hat sich im Regierungsprogramm f\u00fcr eine bessere soziale Absicherung der Volkshochschuldozent*innen ausgesprochen. Dieses Anliegen wurde vom Berliner Abgeordnetenhaus in dem Beschluss \u201eMehr soziale Sicherheit f\u00fcr VHS-Dozent*innen\u201c am 04.06.2020 bekr\u00e4ftigt. Bitte setzen Sie sich daf\u00fcr ein, dass die Volkshochschule Friedrichshain-Kreuzberg bald wieder zu einer Institution wird, die ihren \u00f6ffentlichen Auftrag in der Erwachsenenbildung erf\u00fcllt.<\/p>\n<p>Wir wollen eine VHS, die ausreichende Kursangebote im Bezirk anbietet und die fair mit angestellten und freiberuflichen Mitarbeiter*innen umgeht.<\/p>\n<p>&nbsp;<\/p>\n<p>Mit freundlichen Gr\u00fc\u00dfen<\/p>\n<p><strong>Berliner VHS-Dozent*innen-Vertretung<\/strong><br \/>\n<strong>i. A. Linda Guzzetti, Dieter Hartmann, Mira K\u00f6ller, Beate Strenge<\/strong><br \/>\n<strong>unterst\u00fctzt von Andr\u00e9 Pollmann, ver.di Berlin-Brandenburg, Fachbereich Bildung, Wissenschaft, Forschung<\/strong><br \/>\nT: +49 30 8866 &#8211; 5304 &#8211; andre.pollmann@verdi.de<\/p>\n<p>&nbsp;<\/p>\n","protected":false},"excerpt":{"rendered":"<p>Sehr geehrter Herr Regierender B\u00fcrgermeister M\u00fcller, sehr geehrte Frau Senatorin Scheeres, sehr geehrte Frau Senatorin Breitenbach, wir m\u00f6chten Sie \u00fcber skandal\u00f6se Zust\u00e4nde im Deutschbereich an der Volkshochschule Friedrichshain-Kreuzberg (FK) informieren und bitten Sie um Unterst\u00fctzung. Obwohl an anderen Berliner Volkshochschulen bereits Anfang Juli neue Kurse &#8211; mit Coronaregeln &#8211; gestartet sind, liegt der wichtige Deutschbereich,\u2026 <span class=\"read-more\"><a href=\"https:\/\/www.vhs-tarifvertrag.de\/wordpress\/?p=1600\">Weiterlesen &raquo;<\/a><\/span><\/p>\n","protected":false},"author":1,"featured_media":0,"comment_status":"closed","ping_status":"open","sticky":false,"template":"","format":"standard","meta":{"ngg_post_thumbnail":0,"footnotes":""},"categories":[17],"tags":[],"class_list":["post-1600","post","type-post","status-publish","format-standard","hentry","category-aktuelles"],"_links":{"self":[{"href":"https:\/\/www.vhs-tarifvertrag.de\/wordpress\/index.php?rest_route=\/wp\/v2\/posts\/1600","targetHints":{"allow":["GET"]}}],"collection":[{"href":"https:\/\/www.vhs-tarifvertrag.de\/wordpress\/index.php?rest_route=\/wp\/v2\/posts"}],"about":[{"href":"https:\/\/www.vhs-tarifvertrag.de\/wordpress\/index.php?rest_route=\/wp\/v2\/types\/post"}],"author":[{"embeddable":true,"href":"https:\/\/www.vhs-tarifvertrag.de\/wordpress\/index.php?rest_route=\/wp\/v2\/users\/1"}],"replies":[{"embeddable":true,"href":"https:\/\/www.vhs-tarifvertrag.de\/wordpress\/index.php?rest_route=%2Fwp%2Fv2%2Fcomments&post=1600"}],"version-history":[{"count":5,"href":"https:\/\/www.vhs-tarifvertrag.de\/wordpress\/index.php?rest_route=\/wp\/v2\/posts\/1600\/revisions"}],"predecessor-version":[{"id":1606,"href":"https:\/\/www.vhs-tarifvertrag.de\/wordpress\/index.php?rest_route=\/wp\/v2\/posts\/1600\/revisions\/1606"}],"wp:attachment":[{"href":"https:\/\/www.vhs-tarifvertrag.de\/wordpress\/index.php?rest_route=%2Fwp%2Fv2%2Fmedia&parent=1600"}],"wp:term":[{"taxonomy":"category","embeddable":true,"href":"https:\/\/www.vhs-tarifvertrag.de\/wordpress\/index.php?rest_route=%2Fwp%2Fv2%2Fcategories&post=1600"},{"taxonomy":"post_tag","embeddable":true,"href":"https:\/\/www.vhs-tarifvertrag.de\/wordpress\/index.php?rest_route=%2Fwp%2Fv2%2Ftags&post=1600"}],"curies":[{"name":"wp","href":"https:\/\/api.w.org\/{rel}","templated":true}]}}