{"id":1585,"date":"2020-06-15T18:14:14","date_gmt":"2020-06-15T16:14:14","guid":{"rendered":"https:\/\/www.vhs-tarifvertrag.de\/wordpress\/?p=1585"},"modified":"2020-06-15T18:20:31","modified_gmt":"2020-06-15T16:20:31","slug":"ergebnisse-der-umfrage-unter-den-berliner-vhs-dozentinnen","status":"publish","type":"post","link":"https:\/\/www.vhs-tarifvertrag.de\/wordpress\/?p=1585","title":{"rendered":"Ergebnisse der Umfrage unter den Berliner VHS-Dozent*innen"},"content":{"rendered":"<p><img loading=\"lazy\" decoding=\"async\" class=\"alignleft size-thumbnail wp-image-1588\" src=\"https:\/\/www.vhs-tarifvertrag.de\/wordpress\/wp-content\/uploads\/Unbenannt-150x150.jpg\" alt=\"\" width=\"150\" height=\"150\" srcset=\"https:\/\/www.vhs-tarifvertrag.de\/wordpress\/wp-content\/uploads\/Unbenannt-150x150.jpg 150w, https:\/\/www.vhs-tarifvertrag.de\/wordpress\/wp-content\/uploads\/Unbenannt-45x45.jpg 45w\" sizes=\"auto, (max-width: 150px) 100vw, 150px\" \/>397 Dozent*innen aus den Berliner VHS haben sich an der Umfrage zu ihrer beruflichen und sozialen Situation vom 14. bis zum 22.05.20 beteiligt. Die Zahl der Teilnehmenden ist schon ein toller Erfolg&nbsp; und stellt eine breite Basis f\u00fcr die Auswertung dar.<\/p>\n<p>Die Umfrage wurde von der Berliner Vertretung der VHS-Dozent*innen mit der Unterst\u00fctzung von ver.di Berlin-Brandenburg initiiert: Vielen Dank an ver.di f\u00fcr die technische Realisierung, Auswertung und die inhaltliche Begleitung.<\/p>\n<p>Viele Antworten auf die insgesamt 53 Fragen k\u00f6nnen in Schaubildern dargestellt werden, die <a href=\"https:\/\/www.vhs-tarifvertrag.de\/wordpress\/wp-content\/uploads\/A-Umfrage-Auswetung-f\u00fcrs-Forum.pdf\">hier<\/a> mit kurzer Textbeschreibung zu finden sind. Daneben gab es auch 130 Seiten freie Kommentare. Gerade diese frei formulierten Antworten sind sehr wichtig, aber ihre Auswertung wird noch einige Zeit in Anspruch nehmen.&nbsp; Diese wird sp\u00e4ter in einer Langfassung ver\u00f6ffentlicht.<\/p>\n<p>Au\u00dferdem plant die Berliner Vertretung der VHS-Dozent*innen eine Zusammenfassung der Umfrage f\u00fcr die Gespr\u00e4che in der Politik. Die Ergebnisse werden helfen, die Argumente f\u00fcr eine langfristige soziale Absicherung von VHS-Dozent*innen bei den anstehenden Verhandlungen zu einer VHS-Rahmenvereinbarung zu untermauern.<\/p>\n","protected":false},"excerpt":{"rendered":"<p>397 Dozent*innen aus den Berliner VHS haben sich an der Umfrage zu ihrer beruflichen und sozialen Situation vom 14. bis zum 22.05.20 beteiligt. Die Zahl der Teilnehmenden ist schon ein toller Erfolg&nbsp; und stellt eine breite Basis f\u00fcr die Auswertung dar. Die Umfrage wurde von der Berliner Vertretung der VHS-Dozent*innen mit der Unterst\u00fctzung von ver.di\u2026 <span class=\"read-more\"><a href=\"https:\/\/www.vhs-tarifvertrag.de\/wordpress\/?p=1585\">Weiterlesen &raquo;<\/a><\/span><\/p>\n","protected":false},"author":3,"featured_media":0,"comment_status":"closed","ping_status":"open","sticky":false,"template":"","format":"standard","meta":{"ngg_post_thumbnail":0,"footnotes":""},"categories":[17],"tags":[28],"class_list":["post-1585","post","type-post","status-publish","format-standard","hentry","category-aktuelles","tag-aktuelles"],"_links":{"self":[{"href":"https:\/\/www.vhs-tarifvertrag.de\/wordpress\/index.php?rest_route=\/wp\/v2\/posts\/1585","targetHints":{"allow":["GET"]}}],"collection":[{"href":"https:\/\/www.vhs-tarifvertrag.de\/wordpress\/index.php?rest_route=\/wp\/v2\/posts"}],"about":[{"href":"https:\/\/www.vhs-tarifvertrag.de\/wordpress\/index.php?rest_route=\/wp\/v2\/types\/post"}],"author":[{"embeddable":true,"href":"https:\/\/www.vhs-tarifvertrag.de\/wordpress\/index.php?rest_route=\/wp\/v2\/users\/3"}],"replies":[{"embeddable":true,"href":"https:\/\/www.vhs-tarifvertrag.de\/wordpress\/index.php?rest_route=%2Fwp%2Fv2%2Fcomments&post=1585"}],"version-history":[{"count":6,"href":"https:\/\/www.vhs-tarifvertrag.de\/wordpress\/index.php?rest_route=\/wp\/v2\/posts\/1585\/revisions"}],"predecessor-version":[{"id":1594,"href":"https:\/\/www.vhs-tarifvertrag.de\/wordpress\/index.php?rest_route=\/wp\/v2\/posts\/1585\/revisions\/1594"}],"wp:attachment":[{"href":"https:\/\/www.vhs-tarifvertrag.de\/wordpress\/index.php?rest_route=%2Fwp%2Fv2%2Fmedia&parent=1585"}],"wp:term":[{"taxonomy":"category","embeddable":true,"href":"https:\/\/www.vhs-tarifvertrag.de\/wordpress\/index.php?rest_route=%2Fwp%2Fv2%2Fcategories&post=1585"},{"taxonomy":"post_tag","embeddable":true,"href":"https:\/\/www.vhs-tarifvertrag.de\/wordpress\/index.php?rest_route=%2Fwp%2Fv2%2Ftags&post=1585"}],"curies":[{"name":"wp","href":"https:\/\/api.w.org\/{rel}","templated":true}]}}