{"id":1373,"date":"2020-02-18T13:45:43","date_gmt":"2020-02-18T11:45:43","guid":{"rendered":"https:\/\/www.vhs-tarifvertrag.de\/wordpress\/?p=1373"},"modified":"2020-03-06T19:55:36","modified_gmt":"2020-03-06T17:55:36","slug":"treffen-der-vhs-dozentinnen-vertretung-am-28-2","status":"publish","type":"post","link":"https:\/\/www.vhs-tarifvertrag.de\/wordpress\/?p=1373","title":{"rendered":"Treffen der VHS-Dozent*innen-Vertretung am 28. 2.2020"},"content":{"rendered":"<div class=\"adM\">Liebe Kolleg*innen,<\/div>\n<div class=\"\">\n<div id=\":2uy\" class=\"ii gt\">\n<div id=\":2uz\" class=\"a3s aXjCH \">\n<div>\n<div id=\"m_-7410817852423585042ygrp-mlmsg\">\n<div id=\"m_-7410817852423585042ygrp-msg\">\n<div id=\"m_-7410817852423585042ygrp-text\">\n<div dir=\"ltr\">\n<div dir=\"auto\">\n<div dir=\"ltr\">\n<div>die Berliner VHS-Dozent*innen-Vertretung l\u00e4dt euch herzlich ein zu\u00a0 ihrem n\u00e4chsten Treffen am <b>28. o2.2020 um 16 Uhr <\/b>bei ver.di (Landesvertretung Raum 6.02), K\u00f6penicker Stra\u00dfe 30, 10179 Berlin (S-Ostbahnhof).<\/div>\n<div><\/div>\n<div>TOP:<\/div>\n<div>&#8211; Stand der Vernetzung mit den bezirklichen Doz.-Vertretungen<\/div>\n<div>&#8211; ggf. Termine mit\u00a0 der AG VHS- Direktor*innen und mit Frau Stoffers (zust\u00e4ndige Staatssekret\u00e4rin SenBildung)<\/div>\n<div>&#8211; Kleine Befragung der VHS-Dozent*innen (mit O-T\u00f6nen)<\/div>\n<div>&#8211; Verbindung mit der Gruppe &#8222;Geschichte wird gemacht&#8220; (Vorschlag von Linda)<\/div>\n<div>&#8211; Aktionswoche &#8222;Tarifvertrag&#8220; von ver.di im Juni<\/div>\n<div>-ggf. Berichte aus den bezirklichen VHSen<\/div>\n<div><\/div>\n<\/div>\n<\/div>\n<\/div>\n<\/div>\n<\/div>\n<\/div>\n<\/div>\n<\/div>\n<\/div>\n<\/div>\n","protected":false},"excerpt":{"rendered":"<p>Liebe Kolleg*innen, die Berliner VHS-Dozent*innen-Vertretung l\u00e4dt euch herzlich ein zu\u00a0 ihrem n\u00e4chsten Treffen am 28. o2.2020 um 16 Uhr bei ver.di (Landesvertretung Raum 6.02), K\u00f6penicker Stra\u00dfe 30, 10179 Berlin (S-Ostbahnhof). TOP: &#8211; Stand der Vernetzung mit den bezirklichen Doz.-Vertretungen &#8211; ggf. Termine mit\u00a0 der AG VHS- Direktor*innen und mit Frau Stoffers (zust\u00e4ndige Staatssekret\u00e4rin SenBildung) &#8211;\u2026 <span class=\"read-more\"><a href=\"https:\/\/www.vhs-tarifvertrag.de\/wordpress\/?p=1373\">Weiterlesen &raquo;<\/a><\/span><\/p>\n","protected":false},"author":3,"featured_media":0,"comment_status":"closed","ping_status":"open","sticky":false,"template":"","format":"standard","meta":{"ngg_post_thumbnail":0,"footnotes":""},"categories":[17,18],"tags":[29],"class_list":["post-1373","post","type-post","status-publish","format-standard","hentry","category-aktuelles","category-termine","tag-termine"],"_links":{"self":[{"href":"https:\/\/www.vhs-tarifvertrag.de\/wordpress\/index.php?rest_route=\/wp\/v2\/posts\/1373","targetHints":{"allow":["GET"]}}],"collection":[{"href":"https:\/\/www.vhs-tarifvertrag.de\/wordpress\/index.php?rest_route=\/wp\/v2\/posts"}],"about":[{"href":"https:\/\/www.vhs-tarifvertrag.de\/wordpress\/index.php?rest_route=\/wp\/v2\/types\/post"}],"author":[{"embeddable":true,"href":"https:\/\/www.vhs-tarifvertrag.de\/wordpress\/index.php?rest_route=\/wp\/v2\/users\/3"}],"replies":[{"embeddable":true,"href":"https:\/\/www.vhs-tarifvertrag.de\/wordpress\/index.php?rest_route=%2Fwp%2Fv2%2Fcomments&post=1373"}],"version-history":[{"count":3,"href":"https:\/\/www.vhs-tarifvertrag.de\/wordpress\/index.php?rest_route=\/wp\/v2\/posts\/1373\/revisions"}],"predecessor-version":[{"id":1378,"href":"https:\/\/www.vhs-tarifvertrag.de\/wordpress\/index.php?rest_route=\/wp\/v2\/posts\/1373\/revisions\/1378"}],"wp:attachment":[{"href":"https:\/\/www.vhs-tarifvertrag.de\/wordpress\/index.php?rest_route=%2Fwp%2Fv2%2Fmedia&parent=1373"}],"wp:term":[{"taxonomy":"category","embeddable":true,"href":"https:\/\/www.vhs-tarifvertrag.de\/wordpress\/index.php?rest_route=%2Fwp%2Fv2%2Fcategories&post=1373"},{"taxonomy":"post_tag","embeddable":true,"href":"https:\/\/www.vhs-tarifvertrag.de\/wordpress\/index.php?rest_route=%2Fwp%2Fv2%2Ftags&post=1373"}],"curies":[{"name":"wp","href":"https:\/\/api.w.org\/{rel}","templated":true}]}}