{"id":1170,"date":"2018-04-27T14:29:25","date_gmt":"2018-04-27T12:29:25","guid":{"rendered":"http:\/\/www.vhs-tarifvertrag.de\/wordpress\/?p=1170"},"modified":"2020-03-06T19:53:30","modified_gmt":"2020-03-06T17:53:30","slug":"aufruf-zur-kundgebung-am-04-mai","status":"publish","type":"post","link":"https:\/\/www.vhs-tarifvertrag.de\/wordpress\/?p=1170","title":{"rendered":"Aufruf zur Kundgebung am 04. Mai"},"content":{"rendered":"<h2>\u00bbDem Senat den Marsch blasen\u00ab<\/h2>\n<p><img loading=\"lazy\" decoding=\"async\" class=\"alignleft size-medium wp-image-838\" src=\"http:\/\/www.vhs-tarifvertrag.de\/wordpress\/wp-content\/uploads\/20161102cvp009-300x200.jpg\" alt=\"\" width=\"300\" height=\"200\" srcset=\"https:\/\/www.vhs-tarifvertrag.de\/wordpress\/wp-content\/uploads\/20161102cvp009-300x200.jpg 300w, https:\/\/www.vhs-tarifvertrag.de\/wordpress\/wp-content\/uploads\/20161102cvp009.jpg 640w\" sizes=\"auto, (max-width: 300px) 100vw, 300px\" \/><\/p>\n<p>Liebe VHS-Dozent*innen,<\/p>\n<p><span style=\"font-size: 16px;\">bekanntlich hat der Senat im Koalitionsvertrag und in der im Abgeordnetenhaus verabschiedeten Regierungserkl\u00e4rung seinen Willen zu einem Tarifvertrag f\u00fcr die selbstst\u00e4ndigen Dozent*innen an Volkshochschulen und Musikschulen bekr\u00e4ftigt.<\/span><\/p>\n<p>Bekanntlich hat die Tarifgemeinschaft der deutschen Bundesl\u00e4nder (TdL, Arbeitgeber-Gemeinschaft) dem Antrag Berlins f\u00fcr den Abschluss eines Tarifvertrages nicht zugestimmt und damit Tarifverhandlungen vorerst abgelehnt.<\/p>\n<div class=\"page\" title=\"Page 1\">\n<div class=\"section\">\n<div class=\"layoutArea\">\n<p class=\"column\">Wir fordern Finanzsenator Kollatz-Ahnen (SPD) auf, das Anliegen Berlins in seiner neuen Funktion als TdL-Vorsitzender nochmals pers\u00f6nlich einzubringen. Und endlich den Weg f\u00fcr Tarifverhandlungen zu er\u00f6ffnen.<\/p>\n<p>Kommt zahlreich zur Kundgebung: Wenn wir viele sind, k\u00f6nnen wir etwas bewegen.<\/p>\n<ul>\n<li><strong>Wann<\/strong>? am Freitag, dem 4. Mai 2018 um 12 Uhr.<\/li>\n<li><strong>Wo<\/strong>? Senatsverwaltung f\u00fcr Finanzen, Klosterstra\u00dfe 59, 10179 Berlin<\/li>\n<\/ul>\n<p class=\"column\">ver.di fordert die beteiligten Senatsverwaltungen auf, uns als legitimierte Interessensvertreterin der betroffenen Lehrkr\u00e4fte ma\u00dfgeblich an den L\u00f6sungen einer \u00bbbesseren sozialen Absicherung\u00ab zu beteiligen. Das beschlossene Versprechen des Senats muss eingel\u00f6st werden.<\/p>\n<p class=\"column\">ver.di wird nicht eher ruhen, bis die Forderungen erf\u00fcllt sind. Darum jetzt Mitglied werden \u2013 denn ohne Mitglieder keine Gewerkschaft und ohne Gewerkschaft keine Verhandlungen zur Verbesserung der sozialen Lage der VHS- Dozent*innen!<\/p>\n<p class=\"column\">Mit besten Gr\u00fc\u00dfen<\/p>\n<p class=\"column\">Eure Berliner VHS-Dozent*innen- Vertretung<br \/>\nund Eure Tarifkommission VHS- Berlin<\/p>\n<p><a href=\"http:\/\/www.vhs-tarifvertrag.de\/wordpress\/?attachment_id=1168\">Aufruf als .pdf<\/a><\/p>\n<\/div>\n<\/div>\n<\/div>\n","protected":false},"excerpt":{"rendered":"<p>\u00bbDem Senat den Marsch blasen\u00ab Liebe VHS-Dozent*innen, bekanntlich hat der Senat im Koalitionsvertrag und in der im Abgeordnetenhaus verabschiedeten Regierungserkl\u00e4rung seinen Willen zu einem Tarifvertrag f\u00fcr die selbstst\u00e4ndigen Dozent*innen an Volkshochschulen und Musikschulen bekr\u00e4ftigt. Bekanntlich hat die Tarifgemeinschaft der deutschen Bundesl\u00e4nder (TdL, Arbeitgeber-Gemeinschaft) dem Antrag Berlins f\u00fcr den Abschluss eines Tarifvertrages nicht zugestimmt und damit\u2026 <span class=\"read-more\"><a href=\"https:\/\/www.vhs-tarifvertrag.de\/wordpress\/?p=1170\">Weiterlesen &raquo;<\/a><\/span><\/p>\n","protected":false},"author":2,"featured_media":0,"comment_status":"closed","ping_status":"open","sticky":false,"template":"","format":"standard","meta":{"ngg_post_thumbnail":0,"footnotes":""},"categories":[17,18],"tags":[],"class_list":["post-1170","post","type-post","status-publish","format-standard","hentry","category-aktuelles","category-termine"],"_links":{"self":[{"href":"https:\/\/www.vhs-tarifvertrag.de\/wordpress\/index.php?rest_route=\/wp\/v2\/posts\/1170","targetHints":{"allow":["GET"]}}],"collection":[{"href":"https:\/\/www.vhs-tarifvertrag.de\/wordpress\/index.php?rest_route=\/wp\/v2\/posts"}],"about":[{"href":"https:\/\/www.vhs-tarifvertrag.de\/wordpress\/index.php?rest_route=\/wp\/v2\/types\/post"}],"author":[{"embeddable":true,"href":"https:\/\/www.vhs-tarifvertrag.de\/wordpress\/index.php?rest_route=\/wp\/v2\/users\/2"}],"replies":[{"embeddable":true,"href":"https:\/\/www.vhs-tarifvertrag.de\/wordpress\/index.php?rest_route=%2Fwp%2Fv2%2Fcomments&post=1170"}],"version-history":[{"count":6,"href":"https:\/\/www.vhs-tarifvertrag.de\/wordpress\/index.php?rest_route=\/wp\/v2\/posts\/1170\/revisions"}],"predecessor-version":[{"id":1176,"href":"https:\/\/www.vhs-tarifvertrag.de\/wordpress\/index.php?rest_route=\/wp\/v2\/posts\/1170\/revisions\/1176"}],"wp:attachment":[{"href":"https:\/\/www.vhs-tarifvertrag.de\/wordpress\/index.php?rest_route=%2Fwp%2Fv2%2Fmedia&parent=1170"}],"wp:term":[{"taxonomy":"category","embeddable":true,"href":"https:\/\/www.vhs-tarifvertrag.de\/wordpress\/index.php?rest_route=%2Fwp%2Fv2%2Fcategories&post=1170"},{"taxonomy":"post_tag","embeddable":true,"href":"https:\/\/www.vhs-tarifvertrag.de\/wordpress\/index.php?rest_route=%2Fwp%2Fv2%2Ftags&post=1170"}],"curies":[{"name":"wp","href":"https:\/\/api.w.org\/{rel}","templated":true}]}}